{"id":5253,"date":"2025-06-28T19:52:15","date_gmt":"2025-06-28T19:52:15","guid":{"rendered":"https:\/\/anbc.org.br\/?p=5253"},"modified":"2025-07-28T20:57:04","modified_gmt":"2025-07-28T20:57:04","slug":"junio-fue-un-mes-de-grandes-debates-2","status":"publish","type":"post","link":"https:\/\/anbc.org.br\/es\/junho-foi-um-mes-de-grandes-debates\/","title":{"rendered":"Junio fue un mes de grandes debates"},"content":{"rendered":"<h3 class=\"wp-block-heading\">Junio fue un mes de grandes debates mundiales y nacionales para el sector crediticio.<\/h3>\r\n<p>En los actos y reuniones que jalonaron el calendario, tuvimos el honor de contar con el liderazgo del presidente de ANBC, Elias Sfeir, demostrando una vez m\u00e1s el compromiso de la instituci\u00f3n con la transparencia, la innovaci\u00f3n y el fortalecimiento del mercado.<\/p>\r\n<p>La presencia activa de ANBC en foros estrat\u00e9gicos refuerza nuestra misi\u00f3n de representar responsablemente al sector, por lo que hemos destacado algunos en los que hemos tenido el honor de participar:<\/p>\r\n<p>- Representaci\u00f3n de Am\u00e9rica Latina en la reuni\u00f3n del Grupo Consultivo Regional para \u00c1frica del ICCR del Banco Mundial, <br \/>- Como ponente en la 4\u00aa Reuni\u00f3n del Grupo Consultivo Regional Asia-Pac\u00edfico del ICCR<br \/>- En la sesi\u00f3n \u201cEl uso de la tecnolog\u00eda en las finanzas y el comercio digitales\u201d como panelista durante la CONFERENCIA BIIA 2025.<br \/>- En los paneles del 3er Simposio sobre Libertad Econ\u00f3mica y el Seminario sobre Datos, Inteligencia Artificial y Cr\u00e9dito.<\/p>\r\n<p>Seguimos firmes en nuestro objetivo de construir un entorno crediticio s\u00f3lido, justo y sostenible para todos, contribuyendo cada vez m\u00e1s a las tendencias mundiales y a la internacionalizaci\u00f3n del Cr\u00e9dito.<\/p>\r\n<p>&nbsp;<\/p>\r\n<h3>Compru\u00e9balo:<\/h3>\r\n\r\n      <style type='text\/css'>\r\n        #gallery-1 {\r\n          margin-left:  -15px;\r\n          margin-right:  -15px;\r\n        }\r\n        #gallery-1 .gallery-item {\r\n          float: left;\r\n          margin-top: 10px;\r\n          text-align: center;\r\n          width: 33%;\r\n          padding-left: 15px;\r\n          padding-right: 15px;\r\n        }\r\n        #gallery-1 img {         \r\n\r\n        }\r\n        #gallery-1 .gallery-caption {\r\n          margin-left: 0;\r\n        }\r\n      <\/style>\r\n      <!-- see gallery_shortcode() in wp-includes\/media.php -->\r\n      <div id='gallery-1' class='gallery galleryid-5253 gallery-columns-3'><div class='gallery-item image-link'>\r\n      <div class='gallery-icon'>\r\n        <a href='https:\/\/anbc.org.br\/wp-content\/uploads\/2025\/07\/Junho3.jpg'><img loading=\"lazy\" decoding=\"async\" width=\"150\" height=\"150\" src=\"https:\/\/anbc.org.br\/wp-content\/uploads\/2025\/07\/Junho3-150x150.jpg\" class=\"attachment-thumbnail size-thumbnail\" alt=\"3 de junio\" srcset=\"https:\/\/anbc.org.br\/wp-content\/uploads\/2025\/07\/Junho3-150x150.jpg 150w, https:\/\/anbc.org.br\/wp-content\/uploads\/2025\/07\/Junho3-400x400.jpg 400w\" sizes=\"auto, (max-width: 150px) 100vw, 150px\" \/><\/a>\r\n      <\/div><\/div><div class='gallery-item image-link'>\r\n      <div class='gallery-icon'>\r\n        <a href='https:\/\/anbc.org.br\/wp-content\/uploads\/2025\/07\/Junho2.jpg'><img loading=\"lazy\" decoding=\"async\" width=\"150\" height=\"150\" src=\"https:\/\/anbc.org.br\/wp-content\/uploads\/2025\/07\/Junho2-150x150.jpg\" class=\"attachment-thumbnail size-thumbnail\" alt=\"2 de junio\" srcset=\"https:\/\/anbc.org.br\/wp-content\/uploads\/2025\/07\/Junho2-150x150.jpg 150w, https:\/\/anbc.org.br\/wp-content\/uploads\/2025\/07\/Junho2-400x400.jpg 400w\" sizes=\"auto, (max-width: 150px) 100vw, 150px\" \/><\/a>\r\n      <\/div><\/div><div class='gallery-item image-link'>\r\n      <div class='gallery-icon'>\r\n        <a href='https:\/\/anbc.org.br\/wp-content\/uploads\/2025\/07\/Junho1.jpg'><img loading=\"lazy\" decoding=\"async\" width=\"150\" height=\"150\" src=\"https:\/\/anbc.org.br\/wp-content\/uploads\/2025\/07\/Junho1-150x150.jpg\" class=\"attachment-thumbnail size-thumbnail\" alt=\"1 de junio\" srcset=\"https:\/\/anbc.org.br\/wp-content\/uploads\/2025\/07\/Junho1-150x150.jpg 150w, https:\/\/anbc.org.br\/wp-content\/uploads\/2025\/07\/Junho1-400x400.jpg 400w\" sizes=\"auto, (max-width: 150px) 100vw, 150px\" \/><\/a>\r\n      <\/div><\/div><br style=\"clear: both;\">\r\n    <\/div>","protected":false},"excerpt":{"rendered":"<p>Junio fue un mes de grandes debates mundiales y nacionales para el sector del cr\u00e9dito. En los actos y reuniones que jalonaron el calendario, tuvimos el honor de contar con el liderazgo del presidente de ANBC, Elias Sfeir, demostrando una vez m\u00e1s...<\/p>","protected":false},"author":1,"featured_media":5254,"comment_status":"closed","ping_status":"open","sticky":false,"template":"","format":"standard","meta":{"_seopress_robots_primary_cat":"none","_seopress_titles_title":"Junho foi um m\u00eas de grandes debates","_seopress_titles_desc":"Junho foi um m\u00eas de grandes debates mundiais e nacionais para o setor de cr\u00e9dito.","_seopress_robots_index":"","pgc_sgb_lightbox_settings":"","footnotes":""},"categories":[253],"tags":[686,685],"class_list":["post-5253","post","type-post","status-publish","format-standard","has-post-thumbnail","hentry","category-eventos-anbc","tag-debates-mundiais-e-nacionais","tag-junho","blog-post"],"_links":{"self":[{"href":"https:\/\/anbc.org.br\/es\/wp-json\/wp\/v2\/posts\/5253","targetHints":{"allow":["GET"]}}],"collection":[{"href":"https:\/\/anbc.org.br\/es\/wp-json\/wp\/v2\/posts"}],"about":[{"href":"https:\/\/anbc.org.br\/es\/wp-json\/wp\/v2\/types\/post"}],"author":[{"embeddable":true,"href":"https:\/\/anbc.org.br\/es\/wp-json\/wp\/v2\/users\/1"}],"replies":[{"embeddable":true,"href":"https:\/\/anbc.org.br\/es\/wp-json\/wp\/v2\/comments?post=5253"}],"version-history":[{"count":1,"href":"https:\/\/anbc.org.br\/es\/wp-json\/wp\/v2\/posts\/5253\/revisions"}],"predecessor-version":[{"id":5258,"href":"https:\/\/anbc.org.br\/es\/wp-json\/wp\/v2\/posts\/5253\/revisions\/5258"}],"wp:featuredmedia":[{"embeddable":true,"href":"https:\/\/anbc.org.br\/es\/wp-json\/wp\/v2\/media\/5254"}],"wp:attachment":[{"href":"https:\/\/anbc.org.br\/es\/wp-json\/wp\/v2\/media?parent=5253"}],"wp:term":[{"taxonomy":"category","embeddable":true,"href":"https:\/\/anbc.org.br\/es\/wp-json\/wp\/v2\/categories?post=5253"},{"taxonomy":"post_tag","embeddable":true,"href":"https:\/\/anbc.org.br\/es\/wp-json\/wp\/v2\/tags?post=5253"}],"curies":[{"name":"wp","href":"https:\/\/api.w.org\/{rel}","templated":true}]}}