{"id":4924,"date":"2025-03-19T20:34:33","date_gmt":"2025-03-19T20:34:33","guid":{"rendered":"https:\/\/anbc.org.br\/?p=4924"},"modified":"2025-05-26T21:00:43","modified_gmt":"2025-05-26T21:00:43","slug":"lanzamiento-del-frente-parlamentario-mixto-para-la-democratizacion-del-credito-y-los-servicios-financieros","status":"publish","type":"post","link":"https:\/\/anbc.org.br\/es\/frente-parlamentar-mista-pela-democratizacao-do-credito-e-servicos-financeiros-e-lancada\/","title":{"rendered":"Lanzamiento del Frente Parlamentario Conjunto para la Democratizaci\u00f3n del Cr\u00e9dito y los Servicios Financieros para aumentar el acceso al cr\u00e9dito en Brasil"},"content":{"rendered":"<h3>Una iniciativa interpartidista busca ampliar la inclusi\u00f3n financiera y democratizar el cr\u00e9dito responsable para millones de brasile\u00f1os<\/h3>\n<p>La ampliaci\u00f3n del acceso al cr\u00e9dito en Brasil ha recibido un nuevo impulso con la creaci\u00f3n del Frente Parlamentario Conjunto para la Democratizaci\u00f3n del Cr\u00e9dito y de los Servicios Financieros. La iniciativa, que ser\u00e1 presidida por el diputado Capit\u00e3o Alberto Neto (PL\/AM), tiene como objetivo desarrollar, estructurar e implementar pol\u00edticas p\u00fablicas que garanticen este derecho como instrumento de ciudadan\u00eda, siempre con foco en la responsabilidad y educaci\u00f3n financiera de la poblaci\u00f3n. El lanzamiento del Frente tuvo lugar el martes (18) en una cena en Brasilia.<\/p>\n<p>Integrado por 196 diputados federales y 2 senadores firmantes, el Frente busca reducir las barreras promoviendo la inclusi\u00f3n financiera de grupos vulnerables como personas de bajos ingresos, pensionistas, mujeres y personas con necesidades especiales. El Frente actuar\u00e1 de forma interpartidaria y en di\u00e1logo con \u00f3rganos de gobierno, sociedad civil y sector privado, promoviendo estudios, debates y pol\u00edticas que fortalezcan la libertad econ\u00f3mica y la seguridad jur\u00eddica en el mercado. Entre las prioridades est\u00e1n la inclusi\u00f3n financiera, la reducci\u00f3n del coste del cr\u00e9dito, la transparencia en la gesti\u00f3n de datos y la innovaci\u00f3n en el sector.<\/p>\n<p>Apoyado por congresistas de m\u00faltiples partidos y diversas entidades del sector financiero, el Frente cuenta con la participaci\u00f3n activa de organizaciones comprometidas con la democratizaci\u00f3n del acceso a los servicios financieros y la construcci\u00f3n de un entorno m\u00e1s inclusivo y eficiente. La Asociaci\u00f3n Nacional de Buroes de Cr\u00e9dito (ANBC) y la Asociaci\u00f3n Nacional de Profesionales y Empresas Promotoras de Cr\u00e9dito y Corresponsales del Pa\u00eds (Aneps), que forman parte del Instituto Nacional para la Democratizaci\u00f3n del Cr\u00e9dito (INDC), son actores clave en esta iniciativa, representando a la sociedad civil en el Frente Parlamentario. Juntas, estas organizaciones ser\u00e1n fundamentales en la implementaci\u00f3n de debates, investigaciones y en la construcci\u00f3n de un ambiente de cr\u00e9dito m\u00e1s eficiente e inclusivo.<\/p>\n<p>&nbsp;<\/p>\n<blockquote><p>\u201cEste frente nace con un prop\u00f3sito claro y urgente: ampliar el acceso al cr\u00e9dito para todos los brasile\u00f1os, como instrumento de inclusi\u00f3n financiera y de oportunidades. No podemos aceptar que el cr\u00e9dito sea un factor de exclusi\u00f3n y desesperanza. Aumentar el acceso al cr\u00e9dito no es s\u00f3lo una cuesti\u00f3n de justicia social, sino tambi\u00e9n una estrategia inteligente de crecimiento econ\u00f3mico. Trabajaremos sin descanso y propondremos medidas para que el cr\u00e9dito sea m\u00e1s accesible y sostenible. Nuestro compromiso es con la inclusi\u00f3n, el desarrollo y un pa\u00eds m\u00e1s justo\u201d, afirm\u00f3 Alberto.<\/p><\/blockquote>\n<p>&nbsp;<\/p>\n<blockquote><p>\u201cLa expansi\u00f3n del cr\u00e9dito responsable es esencial para el crecimiento econ\u00f3mico del pa\u00eds y para la dignidad financiera de las personas. El Frente Parlamentario es un paso importante para garantizar que m\u00e1s brasile\u00f1os tengan acceso a este derecho de forma transparente y sostenible\u201d, afirm\u00f3 Elias Sfeir, presidente de la Asociaci\u00f3n Nacional de Buroes de Cr\u00e9dito (ANBC).<\/p><\/blockquote>\n<p>&nbsp;<\/p>\n<blockquote><p>\u201cLlevamos mucho tiempo trabajando para crear un foro en el parlamento que est\u00e9 alineado con la realidad brasile\u00f1a, con un enfoque principal en la emancipaci\u00f3n de toda la poblaci\u00f3n, en t\u00e9rminos de inclusi\u00f3n y democratizaci\u00f3n del acceso al cr\u00e9dito, a otros servicios financieros y a la educaci\u00f3n, sin la sombra constante y permanente de personas, organismos y entidades que confunden la protecci\u00f3n con la tutela del ciudadano\u201d, dijo Edison Costa, presidente de la Aneps.<\/p><\/blockquote>\n<p>&nbsp;<\/p>\n<p>El Frente Parlamentario Mixto por la Democratizaci\u00f3n del Cr\u00e9dito y los Servicios Financieros funcionar\u00e1 en todo el pa\u00eds por tiempo indefinido, garantizando que el tema permanezca en debate permanente en el Congreso.<\/p>\n<p>&nbsp;<\/p>\n<h3>Lea tambi\u00e9n:<\/h3>\n<p><span style=\"color: #0000ff;\"><a style=\"color: #0000ff;\" href=\"https:\/\/anbc.org.br\/es\/frente-parlamentario-para-la-democratizacion-del-credito\/\" target=\"_blank\" rel=\"noopener\">Frente Parlamentario para la Democratizaci\u00f3n del Cr\u00e9dito<\/a><\/span><\/p>\n<p><span style=\"color: #0000ff;\"><a style=\"color: #0000ff;\" href=\"https:\/\/anbc.org.br\/es\/cosama-al-incorporarse-al-registro-positivo\/\" target=\"_blank\" rel=\"noopener\">COSAMA se incorpora al Registro Positivo<\/a><\/span><\/p>","protected":false},"excerpt":{"rendered":"<p>Una iniciativa interpartidista busca ampliar la inclusi\u00f3n financiera y democratizar el cr\u00e9dito responsable para millones de brasile\u00f1os La ampliaci\u00f3n del acceso al cr\u00e9dito en Brasil cobra un nuevo impulso con la creaci\u00f3n del Frente Parlamentario Mixto para la Democratizaci\u00f3n de...<\/p>","protected":false},"author":1,"featured_media":4317,"comment_status":"closed","ping_status":"open","sticky":false,"template":"","format":"standard","meta":{"_seopress_robots_primary_cat":"none","_seopress_titles_title":"Frente Parlamentar Mista pela Democratiza\u00e7\u00e3o do Cr\u00e9dito e Servi\u00e7os Financeiros \u00e9 lan\u00e7ada","_seopress_titles_desc":"Frente Parlamentar Mista pela Democratiza\u00e7\u00e3o do Cr\u00e9dito e Servi\u00e7os Financeiros \u00e9 lan\u00e7ada para ampliar acesso ao cr\u00e9dito no Brasil","_seopress_robots_index":"","pgc_sgb_lightbox_settings":"","footnotes":""},"categories":[254],"tags":[597,628],"class_list":["post-4924","post","type-post","status-publish","format-standard","has-post-thumbnail","hentry","category-sala-de-imprensa","tag-fpdc","tag-frente-parlamentar-mista-pela-democratizacao-do-credito-e-servicos-financeiros","blog-post"],"_links":{"self":[{"href":"https:\/\/anbc.org.br\/es\/wp-json\/wp\/v2\/posts\/4924","targetHints":{"allow":["GET"]}}],"collection":[{"href":"https:\/\/anbc.org.br\/es\/wp-json\/wp\/v2\/posts"}],"about":[{"href":"https:\/\/anbc.org.br\/es\/wp-json\/wp\/v2\/types\/post"}],"author":[{"embeddable":true,"href":"https:\/\/anbc.org.br\/es\/wp-json\/wp\/v2\/users\/1"}],"replies":[{"embeddable":true,"href":"https:\/\/anbc.org.br\/es\/wp-json\/wp\/v2\/comments?post=4924"}],"version-history":[{"count":4,"href":"https:\/\/anbc.org.br\/es\/wp-json\/wp\/v2\/posts\/4924\/revisions"}],"predecessor-version":[{"id":4928,"href":"https:\/\/anbc.org.br\/es\/wp-json\/wp\/v2\/posts\/4924\/revisions\/4928"}],"wp:featuredmedia":[{"embeddable":true,"href":"https:\/\/anbc.org.br\/es\/wp-json\/wp\/v2\/media\/4317"}],"wp:attachment":[{"href":"https:\/\/anbc.org.br\/es\/wp-json\/wp\/v2\/media?parent=4924"}],"wp:term":[{"taxonomy":"category","embeddable":true,"href":"https:\/\/anbc.org.br\/es\/wp-json\/wp\/v2\/categories?post=4924"},{"taxonomy":"post_tag","embeddable":true,"href":"https:\/\/anbc.org.br\/es\/wp-json\/wp\/v2\/tags?post=4924"}],"curies":[{"name":"wp","href":"https:\/\/api.w.org\/{rel}","templated":true}]}}