{"id":3488,"date":"2024-08-19T15:29:12","date_gmt":"2024-08-19T15:29:12","guid":{"rendered":"https:\/\/anbc.org.br\/?p=3488"},"modified":"2024-08-19T15:35:58","modified_gmt":"2024-08-19T15:35:58","slug":"apos-reformulacao-cadastro-positivo-mostra-resultados-animadores","status":"publish","type":"post","link":"https:\/\/anbc.org.br\/es\/apos-reformulacao-cadastro-positivo-mostra-resultados-animadores\/","title":{"rendered":"Tras su reformulaci\u00f3n, Cadastro Positivo muestra resultados alentadores"},"content":{"rendered":"<p>Seguir en Google News<a href=\"https:\/\/news.google.com\/publications\/CAAqBwgKMOLGnwsw79C3Aw?oc=3&amp;ceid=BR:pt-419\" target=\"_blank\" rel=\"noopener noreferrer\"><img loading=\"lazy\" decoding=\"async\" class=\"alignnone wp-image-8243\" src=\"https:\/\/anbc.org.br\/wp-content\/uploads\/2020\/11\/tenor.gif\" alt=\"\" width=\"50\" height=\"50\" \/><\/a><\/p>\r\n<p>Fuente: <a href=\"https:\/\/veja.abril.com.br\/economia\" target=\"_blank\" rel=\"noopener\">VEJA<\/a> | Por M\u00e1rcio Juliboni, Felipe Erlich 17 ago 2024, 08h00<\/p>\r\n<p><em><strong>Sistema que re\u00fane o hist\u00f3rico financeiro de pessoas e empresas reduz os custos de cr\u00e9dito e incluiu mais de 20 milh\u00f5es de brasileiros no mercado<\/strong><\/em><\/p>\r\n<p>Melhorar o ambiente de neg\u00f3cios, por meio de microrreformas setoriais, \u00e9 t\u00e3o importante para estimular o crescimento da economia quanto equacionar os grandes problemas brasileiros, como a crescente d\u00edvida p\u00fablica. Um exemplo \u00e9 o Cadastro Positivo, que re\u00fane o hist\u00f3rico financeiro de 159 milh\u00f5es de pessoas e 8 milh\u00f5es de empresas.<\/p>\r\n<p>Embora sua cria\u00e7\u00e3o date de 2011, o mercado de cr\u00e9dito considera que o cadastro deslanchou depois de 2019, quando foi reformulado. Desde ent\u00e3o, a iniciativa contribuiu para reduzir em 10,4% o spread banc\u00e1rio, que representa a diferen\u00e7a entre os custos dos bancos para emprestar dinheiro e os juros pagos pelo tomador. <em><strong>\u201cMostramos que, ao reduzir a assimetria de informa\u00e7\u00e3o, fazemos o sistema caminhar\u201d, disse Roberto Campos Neto, presidente do Banco Central<\/strong><\/em>, em evento que comemorou os cinco anos da nova vers\u00e3o do cadastro.<\/p>\r\n<p>Reduzir a tal assimetria nada mais \u00e9 do que permitir que os agentes financeiros tenham acesso \u00e0s mesmas informa\u00e7\u00f5es sobre como anda o bolso de potenciais clientes. A queda no spread \u00e9 um efeito bem-vindo, mas n\u00e3o o \u00fanico.<\/p>\r\n<p><img loading=\"lazy\" decoding=\"async\" class=\"aligncenter size-full wp-image-3489\" src=\"https:\/\/anbc.org.br\/wp-content\/uploads\/2024\/08\/reformulacao-cadastro-positivo.jpg\" alt=\"reformulacao cadastro positivo\" width=\"1124\" height=\"400\" srcset=\"https:\/\/anbc.org.br\/wp-content\/uploads\/2024\/08\/reformulacao-cadastro-positivo.jpg 1124w, https:\/\/anbc.org.br\/wp-content\/uploads\/2024\/08\/reformulacao-cadastro-positivo-300x107.jpg 300w, https:\/\/anbc.org.br\/wp-content\/uploads\/2024\/08\/reformulacao-cadastro-positivo-1024x364.jpg 1024w, https:\/\/anbc.org.br\/wp-content\/uploads\/2024\/08\/reformulacao-cadastro-positivo-768x273.jpg 768w, https:\/\/anbc.org.br\/wp-content\/uploads\/2024\/08\/reformulacao-cadastro-positivo-600x214.jpg 600w, https:\/\/anbc.org.br\/wp-content\/uploads\/2024\/08\/reformulacao-cadastro-positivo-500x178.jpg 500w, https:\/\/anbc.org.br\/wp-content\/uploads\/2024\/08\/reformulacao-cadastro-positivo-400x142.jpg 400w\" sizes=\"auto, (max-width: 1124px) 100vw, 1124px\" \/><\/p>\r\n<p>At\u00e9 2019, a ades\u00e3o ao cadastro era volunt\u00e1ria, e os indiv\u00edduos deveriam solicitar formalmente sua inclus\u00e3o. Na \u00e9poca, lojistas e institui\u00e7\u00f5es financeiras eram os principais respons\u00e1veis por receber e processar esses pedidos. A falta de confian\u00e7a da popula\u00e7\u00e3o em expor sua vida financeira e as dificuldades das empresas em implementar o projeto resultaram na baixa participa\u00e7\u00e3o que marcou a primeira fase do programa: chegou a 2019 com apenas 8 milh\u00f5es de brasileiros participantes. A lei complementar n\u00famero 166, sancionada pelo ent\u00e3o presidente Jair Bolsonaro em abril daquele ano, reimpulsionou o Cadastro Positivo.<\/p>\r\n<p>A principal mudan\u00e7a foi tornar obrigat\u00f3rio o compartilhamento de informa\u00e7\u00f5es. Em contrapartida, os indiv\u00edduos podem solicitar exclus\u00e3o do sistema. O setor financeiro foi o primeiro a contribuir, fornecendo dados de 150 milh\u00f5es de nomes. O cadastro recrutou outros setores, como concession\u00e1rias de energia e saneamento, para obter o hist\u00f3rico de pagamento de pessoas que n\u00e3o se relacionavam com bancos. A maior visibilidade incluiu 22 milh\u00f5es de cidad\u00e3os no mercado de cr\u00e9dito. <em><strong>\u201cA colabora\u00e7\u00e3o entre setores ajudou todo mundo\u201d, diz Elias Sfeir, presidente da ANBC, associa\u00e7\u00e3o que re\u00fane os bir\u00f4s de cr\u00e9dito.<\/strong><\/em><\/p>\r\n<figure id=\"attachment_3490\" aria-describedby=\"caption-attachment-3490\" style=\"width: 277px\" class=\"wp-caption aligncenter\"><img loading=\"lazy\" decoding=\"async\" class=\"size-full wp-image-3490\" src=\"https:\/\/anbc.org.br\/wp-content\/uploads\/2024\/08\/reformulacao-cadastro-positivo1.jpg\" alt=\"reformulacao cadastro positivo1\" width=\"277\" height=\"790\" srcset=\"https:\/\/anbc.org.br\/wp-content\/uploads\/2024\/08\/reformulacao-cadastro-positivo1.jpg 277w, https:\/\/anbc.org.br\/wp-content\/uploads\/2024\/08\/reformulacao-cadastro-positivo1-105x300.jpg 105w\" sizes=\"auto, (max-width: 277px) 100vw, 277px\" \/><figcaption id=\"caption-attachment-3490\" class=\"wp-caption-text\">Fonte: ANBC<\/figcaption><\/figure>\r\n<p>As empresas j\u00e1 sentem a amplia\u00e7\u00e3o do mercado. \u201cAumentamos o percentual de clientes financiados\u201d, diz Vital Leite, diretor de servi\u00e7os financeiros da Casas Bahia. Com uma carteira de cr\u00e9dito de 88 bilh\u00f5es de reais, o Banco BV tamb\u00e9m experimentou uma acelera\u00e7\u00e3o dos neg\u00f3cios ap\u00f3s as mudan\u00e7as do Cadastro Positivo h\u00e1 cinco anos. <strong><em>\u201cCerca de<\/em> 15% dos cr\u00e9ditos hoje v\u00e3o para pessoas que n\u00e3o seriam aprovadas antes de 2019\u201d, diz Roberto J\u00e1bali, diretor de cr\u00e9dito e cobran\u00e7as do BV<\/strong>. As empresas n\u00e3o est\u00e3o apenas conhecendo mais clientes em potencial \u2014 elas est\u00e3o conhecendo-os melhor.<\/p>\r\n<figure id=\"attachment_3491\" aria-describedby=\"caption-attachment-3491\" style=\"width: 448px\" class=\"wp-caption aligncenter\"><img loading=\"lazy\" decoding=\"async\" class=\"size-full wp-image-3491\" src=\"https:\/\/anbc.org.br\/wp-content\/uploads\/2024\/08\/reformulacao-cadastro-positivo2.jpg\" alt=\"reformulacao cadastro positivo2\" width=\"448\" height=\"572\" srcset=\"https:\/\/anbc.org.br\/wp-content\/uploads\/2024\/08\/reformulacao-cadastro-positivo2.jpg 448w, https:\/\/anbc.org.br\/wp-content\/uploads\/2024\/08\/reformulacao-cadastro-positivo2-235x300.jpg 235w, https:\/\/anbc.org.br\/wp-content\/uploads\/2024\/08\/reformulacao-cadastro-positivo2-400x511.jpg 400w\" sizes=\"auto, (max-width: 448px) 100vw, 448px\" \/><figcaption id=\"caption-attachment-3491\" class=\"wp-caption-text\">Fonte: ANBC e Banco Central<\/figcaption><\/figure>\r\n<p>Isso leva \u00e0 oferta de produtos e servi\u00e7os mais personalizados, que premiam os bons pagadores com condi\u00e7\u00f5es especiais, mas sem fechar as portas para quem est\u00e1 com o nome negativado. Em 2019, os clientes do BV com pior perfil de cr\u00e9dito pagavam, em m\u00e9dia, taxas de juros 10% maiores que aqueles com maior pontua\u00e7\u00e3o. <strong><em>\u201cEssa diferen\u00e7a<\/em> entre as taxas j\u00e1 subiu para 17%\u201d, afirma J\u00e1bali. O Banco Pan vive situa\u00e7\u00e3o parecida. Caio Crepaldi<\/strong>, seu diretor de cr\u00e9dito, explica que a lista de bons pagadores tornou mais objetivo o empr\u00e9stimo de dinheiro. <strong><em>\u201cO cadastro ajuda a<\/em> definir as condi\u00e7\u00f5es para que o cr\u00e9dito seja concedido\u201d, diz<\/strong>. \u00c9 claro que a taxa de juros paga pelos clientes n\u00e3o depende apenas de seu perfil. A conta \u00e9 afetada por vari\u00e1veis como a taxa b\u00e1sica Selic, o cen\u00e1rio macroecon\u00f4mico e os impostos sobre o setor financeiro. Por isso, em cinco anos de vig\u00eancia do novo cadastro, a m\u00e9dia dos juros pagos por pessoas f\u00edsicas segue acima dos 100% ao ano, mas os sinais s\u00e3o animadores, diante do recuo do spread comunicado por Campos Neto. <em><strong>\u201c\u00c9 uma queda expressiva e mostra que o custo de cr\u00e9dito est\u00e1 menor\u201d, diz Luiz Rabi, economista da Serasa Experian.<\/strong><\/em><\/p>\r\n<figure id=\"attachment_3492\" aria-describedby=\"caption-attachment-3492\" style=\"width: 971px\" class=\"wp-caption aligncenter\"><img loading=\"lazy\" decoding=\"async\" class=\"size-full wp-image-3492\" src=\"https:\/\/anbc.org.br\/wp-content\/uploads\/2024\/08\/reformulacao-cadastro-positivo3.jpg\" alt=\"reformulacao cadastro positivo3\" width=\"971\" height=\"638\" srcset=\"https:\/\/anbc.org.br\/wp-content\/uploads\/2024\/08\/reformulacao-cadastro-positivo3.jpg 971w, https:\/\/anbc.org.br\/wp-content\/uploads\/2024\/08\/reformulacao-cadastro-positivo3-300x197.jpg 300w, https:\/\/anbc.org.br\/wp-content\/uploads\/2024\/08\/reformulacao-cadastro-positivo3-768x505.jpg 768w, https:\/\/anbc.org.br\/wp-content\/uploads\/2024\/08\/reformulacao-cadastro-positivo3-600x394.jpg 600w, https:\/\/anbc.org.br\/wp-content\/uploads\/2024\/08\/reformulacao-cadastro-positivo3-500x329.jpg 500w, https:\/\/anbc.org.br\/wp-content\/uploads\/2024\/08\/reformulacao-cadastro-positivo3-400x263.jpg 400w\" sizes=\"auto, (max-width: 971px) 100vw, 971px\" \/><figcaption id=\"caption-attachment-3492\" class=\"wp-caption-text\">DESAFIO -\u2002Clientes em loja: a pulveriza\u00e7\u00e3o do varejo dificulta a consolida\u00e7\u00e3o de dados (Panther Media GmbH\/Alamy\/Fotoarena\/.)<\/figcaption><\/figure>\r\n<p>Em paralelo, o programa impediu que a pandemia de covid-19 deixasse marcas ainda mais profundas na economia, que padece hoje com 70 milh\u00f5es de inadimplentes.<strong><em> \u201cSe n\u00e3o fosse o Cadastro Positivo, a inadimpl\u00eancia seria muito<\/em> maior\u201d, diz Rabi<\/strong>. Em outros tempos, ter o nome sujo fechava portas. Hoje em dia, cada vez mais especialistas afirmam que o rem\u00e9dio para quem enfrenta problemas financeiros \u00e9 ter mais, e n\u00e3o menos, acesso ao mercado \u2014 e o novo cadastro \u00e9 pe\u00e7a central nisso. <strong><em>\u201cChega a ser um contrassenso negar cr\u00e9dito para quem est\u00e1 negativado, porque \u00e9 nesse<\/em> momento que ele \u00e9 mais importante\u201d, diz Tadeu Silva, presidente da Acrefi<\/strong>, associa\u00e7\u00e3o que representa as financeiras.<\/p>\r\n<p>Os bancos tamb\u00e9m est\u00e3o mais dispostos a abrir os cofres. Nas \u00faltimas semanas, as maiores institui\u00e7\u00f5es do pa\u00eds \u2014 Ita\u00fa, Bradesco, Banco do Brasil e Santander \u2014 afirmaram que, ap\u00f3s os bons resultados obtidos no segundo trimestre de 2024, est\u00e3o inclinadas a conceder mais cr\u00e9dito. \u00c0 medida que as microrreformas implementadas pelo Banco Central avan\u00e7am, mais sinergia adquirem.<\/p>\r\n<figure id=\"attachment_3493\" aria-describedby=\"caption-attachment-3493\" style=\"width: 870px\" class=\"wp-caption aligncenter\"><img loading=\"lazy\" decoding=\"async\" class=\"size-full wp-image-3493\" src=\"https:\/\/anbc.org.br\/wp-content\/uploads\/2024\/08\/reformulacao-cadastro-positivo4.jpg\" alt=\"reformulacao cadastro positivo4\" width=\"870\" height=\"689\" srcset=\"https:\/\/anbc.org.br\/wp-content\/uploads\/2024\/08\/reformulacao-cadastro-positivo4.jpg 870w, https:\/\/anbc.org.br\/wp-content\/uploads\/2024\/08\/reformulacao-cadastro-positivo4-300x238.jpg 300w, https:\/\/anbc.org.br\/wp-content\/uploads\/2024\/08\/reformulacao-cadastro-positivo4-768x608.jpg 768w, https:\/\/anbc.org.br\/wp-content\/uploads\/2024\/08\/reformulacao-cadastro-positivo4-600x475.jpg 600w, https:\/\/anbc.org.br\/wp-content\/uploads\/2024\/08\/reformulacao-cadastro-positivo4-500x396.jpg 500w, https:\/\/anbc.org.br\/wp-content\/uploads\/2024\/08\/reformulacao-cadastro-positivo4-400x317.jpg 400w\" sizes=\"auto, (max-width: 870px) 100vw, 870px\" \/><figcaption id=\"caption-attachment-3493\" class=\"wp-caption-text\">EST\u00cdMULO \u2013 Campos Neto: o Cadastro Positivo mostra que h\u00e1 espa\u00e7o para mais cr\u00e9dito (Aloisio Mauricio\/Fotoarena\/.)<\/figcaption><\/figure>\r\n<p>O pr\u00f3ximo salto ser\u00e1 a converg\u00eancia entre o Cadastro Positivo e o sistema Open Finance \u2014 que fornece ainda mais transpar\u00eancia \u00e0 vida financeira dos consumidores. De um lado, essa jun\u00e7\u00e3o permitir\u00e1 desenvolver produtos financeiros mais personalizados, que ofere\u00e7am melhores recompensas aos bons pagadores, sem deixar de atender aqueles que est\u00e3o na base da pir\u00e2mide. De outro, clientes mais conscientes de sua boa nota de cr\u00e9dito ter\u00e3o maior poder de barganha, num c\u00edrculo virtuoso em que todos ganham. O bolso dos brasileiros agradece.<\/p>","protected":false},"excerpt":{"rendered":"<p>Seguir en Google Noticias Fuente: VEJA | Por M\u00e1rcio Juliboni, Felipe Erlich 17 Ago 2024, 08h00 Un sistema que re\u00fane el historial financiero de personas y empresas reduce los costos de cr\u00e9dito y ha incluido a m\u00e1s de 20 millones de brasile\u00f1os en la...<\/p>","protected":false},"author":1,"featured_media":3497,"comment_status":"closed","ping_status":"open","sticky":false,"template":"","format":"standard","meta":{"_seopress_robots_primary_cat":"none","_seopress_titles_title":"Ap\u00f3s reformula\u00e7\u00e3o, Cadastro Positivo mostra resultados animadores","_seopress_titles_desc":"Reformula\u00e7\u00e3o: Sistema que re\u00fane o hist\u00f3rico financeiro de pessoas e empresas reduz os custos de cr\u00e9dito e incluiu mais de 20 milh\u00f5es de brasileiros no mercado","_seopress_robots_index":"","pgc_sgb_lightbox_settings":"","footnotes":""},"categories":[1],"tags":[80,497,498],"class_list":["post-3488","post","type-post","status-publish","format-standard","has-post-thumbnail","hentry","category-noticias","tag-cadastro-positivo","tag-reformulacao","tag-veja-noticias","blog-post"],"_links":{"self":[{"href":"https:\/\/anbc.org.br\/es\/wp-json\/wp\/v2\/posts\/3488","targetHints":{"allow":["GET"]}}],"collection":[{"href":"https:\/\/anbc.org.br\/es\/wp-json\/wp\/v2\/posts"}],"about":[{"href":"https:\/\/anbc.org.br\/es\/wp-json\/wp\/v2\/types\/post"}],"author":[{"embeddable":true,"href":"https:\/\/anbc.org.br\/es\/wp-json\/wp\/v2\/users\/1"}],"replies":[{"embeddable":true,"href":"https:\/\/anbc.org.br\/es\/wp-json\/wp\/v2\/comments?post=3488"}],"version-history":[{"count":1,"href":"https:\/\/anbc.org.br\/es\/wp-json\/wp\/v2\/posts\/3488\/revisions"}],"predecessor-version":[{"id":3495,"href":"https:\/\/anbc.org.br\/es\/wp-json\/wp\/v2\/posts\/3488\/revisions\/3495"}],"wp:featuredmedia":[{"embeddable":true,"href":"https:\/\/anbc.org.br\/es\/wp-json\/wp\/v2\/media\/3497"}],"wp:attachment":[{"href":"https:\/\/anbc.org.br\/es\/wp-json\/wp\/v2\/media?parent=3488"}],"wp:term":[{"taxonomy":"category","embeddable":true,"href":"https:\/\/anbc.org.br\/es\/wp-json\/wp\/v2\/categories?post=3488"},{"taxonomy":"post_tag","embeddable":true,"href":"https:\/\/anbc.org.br\/es\/wp-json\/wp\/v2\/tags?post=3488"}],"curies":[{"name":"wp","href":"https:\/\/api.w.org\/{rel}","templated":true}]}}