{"id":1721,"date":"2022-06-15T16:21:51","date_gmt":"2022-06-15T16:21:51","guid":{"rendered":"http:\/\/anbc.org.br\/?p=1721"},"modified":"2024-02-21T16:36:49","modified_gmt":"2024-02-21T16:36:49","slug":"inflacion-tipos-de-interes-y-credito","status":"publish","type":"post","link":"https:\/\/anbc.org.br\/es\/a-inflacao-os-juros-e-o-credito\/","title":{"rendered":"Inflaci\u00f3n, tipos de inter\u00e9s y cr\u00e9dito: revisando las perspectivas"},"content":{"rendered":"<p>Seguir en Google News<a href=\"https:\/\/news.google.com\/publications\/CAAqBwgKMOLGnwsw79C3Aw?oc=3&amp;ceid=BR:pt-419\" target=\"_blank\" rel=\"noopener noreferrer\"><img loading=\"lazy\" decoding=\"async\" class=\"alignnone wp-image-8243\" src=\"https:\/\/anbc.org.br\/wp-content\/uploads\/2020\/11\/tenor.gif\" alt=\"\" width=\"50\" height=\"50\" \/><\/a><\/p>\r\n<p>Estamos casi a mitad de a\u00f1o. Desde enero, muchas cosas han cambiado, tanto en el escenario econ\u00f3mico mundial como en el nacional. La revisi\u00f3n permanente de las proyecciones ha resultado necesaria porque es imposible predecir algunos acontecimientos que cambian decisivamente la trayectoria de las variables econ\u00f3micas. Este fue el caso de los shocks provocados por el conflicto en Europa del Este.<\/p>\r\n<p>\u201cLa guerra retrasa la recuperaci\u00f3n\u201d. As\u00ed\u00a0<a href=\"https:\/\/www.imf.org\/en\/Publications\/WEO\/Issues\/2022\/04\/19\/world-economic-outlook-april-2022\" target=\"_blank\" rel=\"nofollow noopener\">\u00faltimo informe del Fondo Monetario Internacional (FMI)<\/a>\u00a0resumi\u00f3 las perspectivas de la econom\u00eda mundial. En este informe, las proyecciones de la instituci\u00f3n apuntaban a un crecimiento de 3,6% del PIB mundial en 2022 - en enero, en la publicaci\u00f3n anterior, el crecimiento previsto era de 4,4%. Esta ralentizaci\u00f3n de la actividad tiende a propagarse por todo el mundo a trav\u00e9s del mercado de materias primas, el comercio internacional y una mayor volatilidad en los mercados financieros.<\/p>\r\n<p>A\u00a0<strong>inflaci\u00f3n mundial<\/strong>\u00a0va en contra del crecimiento econ\u00f3mico. El nivel general de precios est\u00e1 subiendo como consecuencia de la sacudida de los precios de las materias primas, especialmente la energ\u00eda y los productos agr\u00edcolas. El resultado es un aumento de los tipos de inter\u00e9s por encima de los niveles previstos a principios de a\u00f1o. Por ejemplo, en los \u00faltimos 12 meses en Estados Unidos, el \u00edndice de precios al consumo alcanz\u00f3 el 8,6% (<a href=\"https:\/\/www.bls.gov\/charts\/consumer-price-index\/consumer-price-index-by-category.htm\" target=\"_blank\" rel=\"nofollow noopener\">Inflaci\u00f3n en EE.UU.<\/a>) y Alemania 7.9% (<a href=\"https:\/\/www.destatis.de\/EN\/Themes\/Economy\/Prices\/Consumer-Price-Index\/_node.html\" target=\"_blank\" rel=\"nofollow noopener\">Inflaci\u00f3n alemana<\/a>). La inyecci\u00f3n de recursos durante la pandemia, la interrupci\u00f3n de las cadenas de producci\u00f3n, la guerra de Ucrania que repercuti\u00f3 en los alimentos y la energ\u00eda han afectado a las econom\u00edas de los llamados pa\u00edses resistentes a la inflaci\u00f3n.<\/p>\r\n<p>En Brasil,\u00a0<a href=\"https:\/\/www.ibge.gov.br\/indicadores#ipca\" target=\"_blank\" rel=\"nofollow noopener\">la inflaci\u00f3n tambi\u00e9n cobr\u00f3 impulso<\/a>. En los \u00faltimos 12 meses, el IPCA acumula un aumento de 11,73%, seg\u00fan datos del IBGE. Con la reciente aceleraci\u00f3n de los precios, es muy probable que la inflaci\u00f3n supere las previsiones realizadas a principios de a\u00f1o, cuando se esperaba una variaci\u00f3n de alrededor de 5% para 2022.<\/p>\r\n<p>Sin embargo, a diferencia del resto del mundo, Brasil ha visto aumentar sus previsiones de crecimiento econ\u00f3mico y disminuir el desempleo. Las expectativas de crecimiento de la econom\u00eda brasile\u00f1a a principios de a\u00f1o eran muy bajas. En enero, el FMI preve\u00eda un crecimiento del PIB del 0,3%. Ahora, la previsi\u00f3n del organismo es de un crecimiento de 0,8%. Entre los factores que favorecen la actividad brasile\u00f1a figura la subida de las materias primas.<\/p>\r\n<p>En este contexto, \u00bfqu\u00e9 podemos decir del mercado crediticio? Para abordar esta cuesti\u00f3n, merece la pena echar la vista atr\u00e1s. El saldo de pr\u00e9stamos y financiaci\u00f3n creci\u00f3 considerablemente en plena pandemia, especialmente para las empresas. Esto fue importante para amortiguar el impacto de la crisis. M\u00e1s recientemente, el ritmo de crecimiento del cr\u00e9dito a personas jur\u00eddicas ha disminuido, siendo compensado por la expansi\u00f3n del cr\u00e9dito a particulares.<\/p>\r\n<p>En diciembre de 2021,\u00a0<a href=\"https:\/\/cmsarquivos.febraban.org.br\/Arquivos\/documentos\/PDF\/Pesquisa%20FEBRABAN%20de%20Economia%20Banc%C3%A1ria%20e%20Expectativas%20-%20Maio%20de%202022%20v2.pdf\" target=\"_blank\" rel=\"nofollow noopener\">la encuesta de expectativas realizada por FEBRABAN<\/a>\u00a0apuntaba a un crecimiento de 8,3% en la cartera total de cr\u00e9dito del Sistema Financiero Nacional. En la encuesta m\u00e1s reciente, realizada en mayo de 2022, esta proyecci\u00f3n se revis\u00f3 a 9,7%, esper\u00e1ndose que la expansi\u00f3n del cr\u00e9dito a las familias supere a la del\u00a0<strong>cr\u00e9dito<\/strong>\u00a0a las empresas. Por tanto, se espera que el crecimiento del saldo crediticio se sit\u00fae por encima de la inflaci\u00f3n prevista, incluso ante la subida de los tipos de inter\u00e9s.<\/p>\r\n<figure id=\"attachment_1722\" aria-describedby=\"caption-attachment-1722\" style=\"width: 558px\" class=\"wp-caption alignnone\"><img loading=\"lazy\" decoding=\"async\" class=\"size-full wp-image-1722\" src=\"http:\/\/anbc.org.br\/wp-content\/uploads\/2024\/02\/inflacao.webp\" alt=\"inflaci\u00f3n\" width=\"558\" height=\"175\" srcset=\"https:\/\/anbc.org.br\/wp-content\/uploads\/2024\/02\/inflacao.webp 558w, https:\/\/anbc.org.br\/wp-content\/uploads\/2024\/02\/inflacao-300x94.webp 300w, https:\/\/anbc.org.br\/wp-content\/uploads\/2024\/02\/inflacao-500x157.webp 500w, https:\/\/anbc.org.br\/wp-content\/uploads\/2024\/02\/inflacao-400x125.webp 400w\" sizes=\"auto, (max-width: 558px) 100vw, 558px\" \/><figcaption id=\"caption-attachment-1722\" class=\"wp-caption-text\">Fuente: Banco Central y FEBRABAN<\/figcaption><\/figure>\r\n<p>Esta combinaci\u00f3n de tipos de inter\u00e9s altos y expansi\u00f3n del cr\u00e9dito llama la atenci\u00f3n sobre un tema muy importante para las agencias de cr\u00e9dito: los impagos. Como hemos se\u00f1alado antes, el n\u00famero de personas en situaci\u00f3n de impago sigue siendo elevado. Unos tipos de inter\u00e9s m\u00e1s altos suponen cuotas m\u00e1s elevadas en el presupuesto de quienes solicitan pr\u00e9stamos y financiaci\u00f3n, y esto, en ausencia de planificaci\u00f3n, tiende a desembocar en impagos.<\/p>\r\n<p>Los bur\u00f3s han advertido del riesgo de un aumento del\u00a0<strong>por defecto<\/strong>\u00a0a lo largo del a\u00f1o. El escenario de partida del sector es que el volumen de parados, actualmente en m\u00e1s de 60 millones, tender\u00e1 a crecer en los pr\u00f3ximos meses. Lo mismo se espera para la tasa de morosidad calculada por el Banco Central. Esto refuerza la importancia de analizar el cr\u00e9dito, utilizando todos los instrumentos de que disponen hoy las entidades crediticias: modelos de calificaci\u00f3n crediticia, informaci\u00f3n positiva, base de datos de negatividad y otras bases de datos relevantes para la evaluaci\u00f3n del cr\u00e9dito. Analizar la capacidad de pago de consumidores y empresas es una premisa fundamental para el funcionamiento del mercado crediticio y que cobra a\u00fan m\u00e1s importancia en tiempos como los actuales. Por el lado de los consumidores, hay que tener claro que la subida de los precios est\u00e1 reduciendo la renta real y los tipos de inter\u00e9s est\u00e1n encareciendo la contrataci\u00f3n de pr\u00e9stamos y financiaci\u00f3n.<\/p>\r\n<p>Como se ha demostrado en este art\u00edculo, siempre estamos sujetos a incertidumbres y revisiones de escenarios. Algunos cambios ser\u00e1n positivos, otros negativos. Lo importante es reforzar el sistema financiero, hacerlo cada vez m\u00e1s resistente para hacer frente a las perturbaciones y, a largo plazo, contribuir al desarrollo econ\u00f3mico.<\/p>\r\n<h1 class=\"wp-block-heading\">Inflaci\u00f3n<\/h1>\r\n<p>&nbsp;<\/p>\r\n<h4>Gracias por leernos. Acceda a otros contenidos en<a href=\"https:\/\/www.linkedin.com\/company\/anbc-associa%C3%A7%C3%A3o-nacional-dos-bir%C3%B4s-de-cr%C3%A9dito\" target=\"_blank\" rel=\"noopener\">\u00a0P\u00e1gina web de ANBC<\/a>.<\/h4>\r\n<p>&nbsp;<\/p>\r\n<h3 class=\"h3-xl\" style=\"text-align: center;\"><img loading=\"lazy\" decoding=\"async\" class=\"alignleft size-full wp-image-1261\" style=\"font-size: 1rem; color: #333333; font-family: Roboto, 'Helvetica Neue', Helvetica, Arial, sans-serif; font-weight: 300;\" src=\"http:\/\/anbc.org.br\/wp-content\/uploads\/2023\/12\/elias-sfeir.webp\" alt=\"elias sfeir\" width=\"100\" height=\"100\" \/><\/h3>\r\n<p>&nbsp;<\/p>\r\n<h6>Por: Elias Sfeir Presidente de ANBC &amp; Miembro del Consejo Clim\u00e1tico de la Ciudad de S\u00e3o Paulo &amp; Concejal Certificado<\/h6>\r\n<p>&nbsp;<\/p>\r\n<p>&nbsp;<\/p>","protected":false},"excerpt":{"rendered":"<p>Seguir en Google Noticias Estamos casi a mitad de a\u00f1o. Desde enero han cambiado muchas cosas, tanto en el escenario econ\u00f3mico mundial como en el nacional. La revisi\u00f3n permanente de las previsiones ha resultado necesaria porque es imposible predecir algunos acontecimientos que cambian...<\/p>","protected":false},"author":1,"featured_media":1723,"comment_status":"closed","ping_status":"open","sticky":false,"template":"","format":"standard","meta":{"_seopress_robots_primary_cat":"none","_seopress_titles_title":"A infla\u00e7\u00e3o, os juros e o cr\u00e9dito: revisitando as perspectivas","_seopress_titles_desc":"A infla\u00e7\u00e3o, os juros e o cr\u00e9dito: revisitando as perspectivas","_seopress_robots_index":"","pgc_sgb_lightbox_settings":"","footnotes":""},"categories":[46],"tags":[55,89,98,112],"class_list":["post-1721","post","type-post","status-publish","format-standard","has-post-thumbnail","hentry","category-blog","tag-credito","tag-inadimplencia","tag-inflacao","tag-juros","blog-post"],"_links":{"self":[{"href":"https:\/\/anbc.org.br\/es\/wp-json\/wp\/v2\/posts\/1721","targetHints":{"allow":["GET"]}}],"collection":[{"href":"https:\/\/anbc.org.br\/es\/wp-json\/wp\/v2\/posts"}],"about":[{"href":"https:\/\/anbc.org.br\/es\/wp-json\/wp\/v2\/types\/post"}],"author":[{"embeddable":true,"href":"https:\/\/anbc.org.br\/es\/wp-json\/wp\/v2\/users\/1"}],"replies":[{"embeddable":true,"href":"https:\/\/anbc.org.br\/es\/wp-json\/wp\/v2\/comments?post=1721"}],"version-history":[{"count":2,"href":"https:\/\/anbc.org.br\/es\/wp-json\/wp\/v2\/posts\/1721\/revisions"}],"predecessor-version":[{"id":1725,"href":"https:\/\/anbc.org.br\/es\/wp-json\/wp\/v2\/posts\/1721\/revisions\/1725"}],"wp:featuredmedia":[{"embeddable":true,"href":"https:\/\/anbc.org.br\/es\/wp-json\/wp\/v2\/media\/1723"}],"wp:attachment":[{"href":"https:\/\/anbc.org.br\/es\/wp-json\/wp\/v2\/media?parent=1721"}],"wp:term":[{"taxonomy":"category","embeddable":true,"href":"https:\/\/anbc.org.br\/es\/wp-json\/wp\/v2\/categories?post=1721"},{"taxonomy":"post_tag","embeddable":true,"href":"https:\/\/anbc.org.br\/es\/wp-json\/wp\/v2\/tags?post=1721"}],"curies":[{"name":"wp","href":"https:\/\/api.w.org\/{rel}","templated":true}]}}