{"id":5107,"date":"2025-07-01T18:00:06","date_gmt":"2025-07-01T18:00:06","guid":{"rendered":"https:\/\/anbc.org.br\/?p=5107"},"modified":"2025-07-01T18:02:36","modified_gmt":"2025-07-01T18:02:36","slug":"inadimplencia-atinge-41-da-populacao-economicamente-ativa-na-paraiba","status":"publish","type":"post","link":"https:\/\/anbc.org.br\/en\/inadimplencia-atinge-41-da-populacao-economicamente-ativa-na-paraiba\/","title":{"rendered":"Default reaches 41% of the economically active population in Para\u00edba"},"content":{"rendered":"<p class=\"m_7167954289139893247xmsonormal\">Source: <a href=\"https:\/\/globoplay.globo.com\/v\/13626659\/\" target=\"_blank\" rel=\"noopener\"><span style=\"color: #0000ff;\">https:\/\/globoplay.globo.com\/<\/span><\/a> &#8211; Por: JPB1<\/p>\n<div class=\"flex items-center mb-4 undefined\">\n<div class=\"flex-1\">\n<p>Com renda apertada e aumento no custo de vida, mais de 1,2 milh\u00e3o de paraibanos est\u00e3o com o nome negativado; desafio preocupa fam\u00edlias e afeta a economia do estado.<\/p>\n<\/div>\n<h4>Watch, click on the image:<\/h4>\n<\/div>\n<p><a href=\"https:\/\/globoplay.globo.com\/v\/13626659\/\" target=\"_blank\" rel=\"noopener\"><img loading=\"lazy\" decoding=\"async\" class=\"aligncenter wp-image-5108 size-full\" src=\"https:\/\/anbc.org.br\/wp-content\/uploads\/2025\/07\/Inadimplencia.webp\" alt=\"default\" width=\"1000\" height=\"563\" srcset=\"https:\/\/anbc.org.br\/wp-content\/uploads\/2025\/07\/Inadimplencia.webp 1000w, https:\/\/anbc.org.br\/wp-content\/uploads\/2025\/07\/Inadimplencia-300x169.webp 300w, https:\/\/anbc.org.br\/wp-content\/uploads\/2025\/07\/Inadimplencia-768x432.webp 768w, https:\/\/anbc.org.br\/wp-content\/uploads\/2025\/07\/Inadimplencia-18x10.webp 18w, https:\/\/anbc.org.br\/wp-content\/uploads\/2025\/07\/Inadimplencia-600x338.webp 600w, https:\/\/anbc.org.br\/wp-content\/uploads\/2025\/07\/Inadimplencia-500x282.webp 500w, https:\/\/anbc.org.br\/wp-content\/uploads\/2025\/07\/Inadimplencia-400x225.webp 400w\" sizes=\"auto, (max-width: 1000px) 100vw, 1000px\" \/><\/a><\/p>\n<p>&nbsp;<\/p>\n<h3>Read more<\/h3>\n<p><a href=\"https:\/\/anbc.org.br\/en\/credit-boosts-northeastern-economy-in-sao-joao\/\" target=\"_blank\" rel=\"noopener\"><span style=\"color: #0000ff;\">Credit boosts northeastern economy during S\u00e3o Jo\u00e3o, but experts warn of risks<\/span><\/a><\/p>","protected":false},"excerpt":{"rendered":"<p>Source: https:\/\/globoplay.globo.com\/ - By: JPB1 With a tight income and an increase in the cost of living, more than 1.2 million Paraibans have their names in bad standing; a challenge that worries families and affects the state's economy. Watch, click on the image: Read...<\/p>","protected":false},"author":1,"featured_media":5109,"comment_status":"closed","ping_status":"open","sticky":false,"template":"","format":"standard","meta":{"_seopress_robots_primary_cat":"none","_seopress_titles_title":"Inadimpl\u00eancia atinge 41% na Para\u00edba","_seopress_titles_desc":"Inadimpl\u00eancia atinge 41% da popula\u00e7\u00e3o economicamente ativa na Para\u00edba","_seopress_robots_index":"","pgc_sgb_lightbox_settings":"","footnotes":""},"categories":[1],"tags":[89,299],"class_list":["post-5107","post","type-post","status-publish","format-standard","has-post-thumbnail","hentry","category-noticias","tag-inadimplencia","tag-paraiba","blog-post"],"_links":{"self":[{"href":"https:\/\/anbc.org.br\/en\/wp-json\/wp\/v2\/posts\/5107","targetHints":{"allow":["GET"]}}],"collection":[{"href":"https:\/\/anbc.org.br\/en\/wp-json\/wp\/v2\/posts"}],"about":[{"href":"https:\/\/anbc.org.br\/en\/wp-json\/wp\/v2\/types\/post"}],"author":[{"embeddable":true,"href":"https:\/\/anbc.org.br\/en\/wp-json\/wp\/v2\/users\/1"}],"replies":[{"embeddable":true,"href":"https:\/\/anbc.org.br\/en\/wp-json\/wp\/v2\/comments?post=5107"}],"version-history":[{"count":2,"href":"https:\/\/anbc.org.br\/en\/wp-json\/wp\/v2\/posts\/5107\/revisions"}],"predecessor-version":[{"id":5111,"href":"https:\/\/anbc.org.br\/en\/wp-json\/wp\/v2\/posts\/5107\/revisions\/5111"}],"wp:featuredmedia":[{"embeddable":true,"href":"https:\/\/anbc.org.br\/en\/wp-json\/wp\/v2\/media\/5109"}],"wp:attachment":[{"href":"https:\/\/anbc.org.br\/en\/wp-json\/wp\/v2\/media?parent=5107"}],"wp:term":[{"taxonomy":"category","embeddable":true,"href":"https:\/\/anbc.org.br\/en\/wp-json\/wp\/v2\/categories?post=5107"},{"taxonomy":"post_tag","embeddable":true,"href":"https:\/\/anbc.org.br\/en\/wp-json\/wp\/v2\/tags?post=5107"}],"curies":[{"name":"wp","href":"https:\/\/api.w.org\/{rel}","templated":true}]}}