{"id":3393,"date":"2024-05-16T23:58:29","date_gmt":"2024-05-16T23:58:29","guid":{"rendered":"https:\/\/anbc.org.br\/?p=3393"},"modified":"2024-05-22T00:06:05","modified_gmt":"2024-05-22T00:06:05","slug":"credit-bureaus-suspend-denial-of-debts","status":"publish","type":"post","link":"https:\/\/anbc.org.br\/en\/biros-de-credito-suspendem-negativacao-de-dividas\/","title":{"rendered":"Credit bureaus suspend debt negation in RS for 60 days"},"content":{"rendered":"<p>Follow on Google News<a href=\"https:\/\/news.google.com\/publications\/CAAqBwgKMOLGnwsw79C3Aw?oc=3&amp;ceid=BR:pt-419\" target=\"_blank\" rel=\"noopener noreferrer\"><img loading=\"lazy\" decoding=\"async\" class=\"alignnone wp-image-8243\" src=\"https:\/\/anbc.org.br\/wp-content\/uploads\/2020\/11\/tenor.gif\" alt=\"\" width=\"50\" height=\"50\" \/><\/a><\/p>\r\n<p>By <a href=\"https:\/\/valor.globo.com\/autores\/alvaro-campos\/\" target=\"_blank\" rel=\"noopener\">\u00c1lvaro Campos, Valor \u2014 S\u00e3o Paulo<\/a><\/p>\r\n<p><em>Setor tamb\u00e9m postergar\u00e1 a inclus\u00e3o de d\u00edvidas que j\u00e1 estejam em processo de comunica\u00e7\u00e3o no banco de dados e cancelar\u00e1 a exibi\u00e7\u00e3o de apontamentos inscritos ap\u00f3s a decreta\u00e7\u00e3o da calamidade p\u00fablica<\/em><\/p>\r\n<p>Os bir\u00f4s de cr\u00e9dito Boa Vista, Quod, Serasa e SPC Brasil v\u00e3o suspender os pedidos de negativa\u00e7\u00e3o de pessoas f\u00edsicas e jur\u00eddicas no Rio Grande do Sul por 60 dias, em fun\u00e7\u00e3o do desastre clim\u00e1tico no Estado. Al\u00e9m disso, durante o per\u00edodo, o setor postergar\u00e1 a inclus\u00e3o de d\u00edvidas que j\u00e1 estejam em processo de<br \/>comunica\u00e7\u00e3o no banco de dados e cancelar\u00e1 a exibi\u00e7\u00e3o de apontamentos inscritos ap\u00f3s a decreta\u00e7\u00e3o da calamidade p\u00fablica.<\/p>\r\n<p>Segundo a Associa\u00e7\u00e3o Nacional dos Bureaus de Cr\u00e9dito (ANBC), o objetivo \u00e9 proporcionar o tempo adequado para as renegocia\u00e7\u00f5es entre os credores e os consumidores de cr\u00e9dito neste momento cr\u00edtico.<\/p>\r\n<blockquote>\r\n<p><br \/>\u201cA ideia \u00e9 que, com essa suspens\u00e3o, credores, consumidores e empresas sejam capazes de conversar e renegociar seus cr\u00e9ditos de forma respons\u00e1vel para que a economia e o bem-estar social possam se restabelecer de forma sustent\u00e1vel no Estado\u201d, afirma Elias Sfeir, presidente da ANBC.<\/p>\r\n<\/blockquote>\r\n<p>Anteriormente, em abril de 2020, frente \u00e0s consequ\u00eancias econ\u00f4micas da pandemia, o setor de bir\u00f4s de cr\u00e9dito ampliou o prazo de negativa\u00e7\u00e3o de consumidores e empresas. Eles alegam que a a\u00e7\u00e3o teve<br \/>impacto positivo, ao trazer estabilidade ao processo de cr\u00e9dito e estimular a negocia\u00e7\u00e3o entre credor e devedor durante a crise de sa\u00fade.<\/p>","protected":false},"excerpt":{"rendered":"<p>Follow on Google News By \u00c1lvaro Campos, Valor - S\u00e3o Paulo The sector will also postpone the inclusion of debts that are already in the process of being communicated in the database and will cancel the display of notes registered after the...<\/p>","protected":false},"author":1,"featured_media":3394,"comment_status":"closed","ping_status":"open","sticky":false,"template":"","format":"standard","meta":{"_seopress_robots_primary_cat":"none","_seopress_titles_title":"Bir\u00f4s de cr\u00e9dito suspendem negativa\u00e7\u00e3o de d\u00edvidas no RS por 60 dias","_seopress_titles_desc":"Setor tamb\u00e9m postergar\u00e1 a inclus\u00e3o de d\u00edvidas que j\u00e1 estejam em processo de comunica\u00e7\u00e3o no banco de dados e cancelar\u00e1 a exibi\u00e7\u00e3o de apontamentos inscritos ap\u00f3s a decreta\u00e7\u00e3o da calamidade p\u00fablica","_seopress_robots_index":"","pgc_sgb_lightbox_settings":"","footnotes":""},"categories":[1],"tags":[97,486,487],"class_list":["post-3393","post","type-post","status-publish","format-standard","has-post-thumbnail","hentry","category-noticias","tag-biros-de-credito","tag-negativacao-de-dividas","tag-rs","blog-post"],"_links":{"self":[{"href":"https:\/\/anbc.org.br\/en\/wp-json\/wp\/v2\/posts\/3393","targetHints":{"allow":["GET"]}}],"collection":[{"href":"https:\/\/anbc.org.br\/en\/wp-json\/wp\/v2\/posts"}],"about":[{"href":"https:\/\/anbc.org.br\/en\/wp-json\/wp\/v2\/types\/post"}],"author":[{"embeddable":true,"href":"https:\/\/anbc.org.br\/en\/wp-json\/wp\/v2\/users\/1"}],"replies":[{"embeddable":true,"href":"https:\/\/anbc.org.br\/en\/wp-json\/wp\/v2\/comments?post=3393"}],"version-history":[{"count":1,"href":"https:\/\/anbc.org.br\/en\/wp-json\/wp\/v2\/posts\/3393\/revisions"}],"predecessor-version":[{"id":3395,"href":"https:\/\/anbc.org.br\/en\/wp-json\/wp\/v2\/posts\/3393\/revisions\/3395"}],"wp:featuredmedia":[{"embeddable":true,"href":"https:\/\/anbc.org.br\/en\/wp-json\/wp\/v2\/media\/3394"}],"wp:attachment":[{"href":"https:\/\/anbc.org.br\/en\/wp-json\/wp\/v2\/media?parent=3393"}],"wp:term":[{"taxonomy":"category","embeddable":true,"href":"https:\/\/anbc.org.br\/en\/wp-json\/wp\/v2\/categories?post=3393"},{"taxonomy":"post_tag","embeddable":true,"href":"https:\/\/anbc.org.br\/en\/wp-json\/wp\/v2\/tags?post=3393"}],"curies":[{"name":"wp","href":"https:\/\/api.w.org\/{rel}","templated":true}]}}