{"id":2637,"date":"2022-07-08T22:14:12","date_gmt":"2022-07-08T22:14:12","guid":{"rendered":"http:\/\/anbc.org.br\/?p=2637"},"modified":"2024-03-13T22:17:39","modified_gmt":"2024-03-13T22:17:39","slug":"cadastro-positivo-completa-3-anos","status":"publish","type":"post","link":"https:\/\/anbc.org.br\/en\/cadastro-positivo-completa-3-anos\/","title":{"rendered":"Positive Registration turns 3"},"content":{"rendered":"<p>Follow on Google News<a href=\"https:\/\/news.google.com\/publications\/CAAqBwgKMOLGnwsw79C3Aw?oc=3&amp;ceid=BR:pt-419\" target=\"_blank\" rel=\"noopener noreferrer\"><img loading=\"lazy\" decoding=\"async\" class=\"alignnone wp-image-8243\" src=\"https:\/\/anbc.org.br\/wp-content\/uploads\/2020\/11\/tenor.gif\" alt=\"\" width=\"50\" height=\"50\" \/><\/a><\/p>\r\n<h2 class=\"wp-block-heading\">Cadastro Positivo completa 3 anos comprovando potencial de inclus\u00e3o financeira e benef\u00edcios previstos em sua implementa\u00e7\u00e3o<\/h2>\r\n<p><i>Associa\u00e7\u00e3o Nacional dos Bureaus de Cr\u00e9dito promove evento comemorativo \u00e0 data no pr\u00f3ximo dia 3 de agosto, em Bras\u00edlia<\/i><\/p>\r\n<p><b>S\u00e3o Paulo, 8 de julho de 2022:\u00a0<\/b>Em vig\u00eancia no modelo de ades\u00e3o autom\u00e1tica desde 9 de julho de 2019, o Cadastro Positivo completa tr\u00eas anos comprovando os benef\u00edcios previstos em sua implementa\u00e7\u00e3o, principalmente em rela\u00e7\u00e3o \u00e0 democratiza\u00e7\u00e3o do cr\u00e9dito e inclus\u00e3o financeira dos brasileiros.\u00a0\u00a0<\/p>\r\n<p>De acordo com dados da Associa\u00e7\u00e3o Nacional dos Bureaus de Cr\u00e9dito (ANBC), entidade que re\u00fane os bir\u00f4s de cr\u00e9dito gestores do banco de dados do Cadastro Positivo (Boa Vista, Quod, Serasa, SPC e TransUnion), mais de 140 milh\u00f5es de cadastros de pessoas f\u00edsicas e jur\u00eddicas integram o banco de dados atualmente. Esse dado equivale a 79% da popula\u00e7\u00e3o brasileira. S\u00e3o Paulo (75%), Rio de Janeiro (72%) e Distrito Federal (71%) encabe\u00e7am a lista dos estados com maior participa\u00e7\u00e3o na base de informa\u00e7\u00f5es.\u00a0<\/p>\r\n<p>A implanta\u00e7\u00e3o do Cadastro Positivo ocorre em etapas. As duas etapas iniciais e j\u00e1 conclu\u00eddas se referem ao recebimento de dados dos clientes das institui\u00e7\u00f5es financeiras e das operadoras de telecomunica\u00e7\u00f5es. As pr\u00f3ximas etapas, j\u00e1 iniciadas, referem-se ao envio de dados pelas concession\u00e1rias de energia el\u00e9trica, de saneamento e de g\u00e1s encanado.\u00a0<\/p>\r\n<p>Um dos indicadores de democratiza\u00e7\u00e3o do acesso ao cr\u00e9dito com o Cadastro Positivo foi a inclus\u00e3o de mais de 12,5 milh\u00f5es de consumidores e empresas na base de dados, a partir do recebimento de informa\u00e7\u00f5es do setor de telecomunica\u00e7\u00f5es. Segundo Elias Sfeir, presidente da associa\u00e7\u00e3o, esse resultado revela que, estas 12,5 mi de pessoas f\u00edsicas e jur\u00eddicas n\u00e3o constavam na base de dados inicial e, portanto, estavam \u201cinvis\u00edveis\u201d ao sistema de cr\u00e9dito, foram inclu\u00eddas financeiramente.<\/p>\r\n<p>Dados do relat\u00f3rio do Banco Central com an\u00e1lise dos resultados de dois anos de opera\u00e7\u00e3o do Cadastro Positivo, apontaram para o aumento ou manuten\u00e7\u00e3o da nota de cr\u00e9dito de 74% das pessoas f\u00edsicas e 80% para pessoas jur\u00eddicas, al\u00e9m de\u00a0reduzir em 10,4% a taxa de juros cobrada no cr\u00e9dito pessoal (excluindo consignado),\u00a0proporcionando acesso e melhores condi\u00e7\u00f5es de cr\u00e9dito.<\/p>\r\n<p>Outro exemplo dos efeitos do Cadastro Positivo foi o resultado alcan\u00e7ado em 2020 pela Midway, empresa financeira do Grupo Guararapes, que, a partir da nova base de dados conseguiu ampliar em 10% a concess\u00e3o de cr\u00e9dito, o que correspondeu a 120 mil novos cart\u00f5es da Riachuelo (varejista que deu origem ao grupo) emitidos em um ano, sem o aumento do risco da opera\u00e7\u00e3o.<\/p>\r\n<blockquote>\r\n<p>\u201cO Cadastro Positivo, pelos ben\u00e9ficos at\u00e9 o momento identificados, se consolidou como um direito do consumidor e o setor de bir\u00f4s de cr\u00e9dito est\u00e1 muito satisfeito com os resultados que geram bem-estar social \u00e0 popula\u00e7\u00e3o. O Cadastro Positivo permite a an\u00e1lise de risco na concess\u00e3o de cr\u00e9dito de acordo com o perfil individual e agora considera tamb\u00e9m informa\u00e7\u00f5es positivas no c\u00e1lculo da nota de cr\u00e9dito trazendo uma vis\u00e3o mais completa e justa de pessoas f\u00edsicas e jur\u00eddicas,\u00a0afirma Sfeir.\u00a0<\/p>\r\n<\/blockquote>\r\n<p>&nbsp;<\/p>\r\n<blockquote>\r\n<p>\u201cTemos acompanhado o\u00a0empoderamento do tomador de cr\u00e9dito que, diante de condi\u00e7\u00f5es mais justas, pode obter recursos financeiros dentro de sua capacidade de pagamento, diminuindo o risco de inadimpl\u00eancia, o que impacta positivamente a economia como um todo. Al\u00e9m disso, ao estimular a expans\u00e3o do cr\u00e9dito, o Cadastro Positivo aumenta a competi\u00e7\u00e3o no mercado e pode reduzir a taxa de juros praticada nas opera\u00e7\u00f5es de cr\u00e9dito\u201d, analisa o executivo, que projeta mais\u00a0benef\u00edcios socioecon\u00f4micos a partir da entrada dos setores de saneamento e g\u00e1s encanado no banco de dados, o que deve ocorrer em breve.\u00a0<\/p>\r\n<\/blockquote>\r\n<p>Para comemorar a data e demonstrar outros resultados do Cadastro Positivo a ANBC promover\u00e1 um evento no pr\u00f3ximo dia 3 de agosto, em Bras\u00edlia.<\/p>\r\n<p>&nbsp;<\/p>\r\n<p><img loading=\"lazy\" decoding=\"async\" class=\"alignleft size-full wp-image-2288\" src=\"http:\/\/anbc.org.br\/wp-content\/uploads\/2024\/03\/pimenta-comunicacao.webp\" alt=\"pepper communication\" width=\"87\" height=\"87\" \/><\/p>\r\n<p><strong>ANBC Press Relations<\/strong><\/p>\r\n<p>Regina Pimenta: (11) 98136.6835 <a href=\"mailto:regina@pimenta.com\">regina@pimenta.com<\/a><\/p>\r\n<p>Ana Carolina Rodrigues: (11) 98674.0348 <a href=\"mailto:anacarolina@pimenta.com\">anacarolina@pimenta.com<\/a><\/p>\r\n<p>&nbsp;<\/p>\r\n<p>&nbsp;<\/p>","protected":false},"excerpt":{"rendered":"<p>Follow on Google News Cadastro Positivo turns 3 years old, proving its potential for financial inclusion and the benefits expected from its implementation The National Association of Credit Bureaus is holding an event to commemorate the date on August 3, in Brasilia S\u00e3o...<\/p>","protected":false},"author":1,"featured_media":2638,"comment_status":"closed","ping_status":"open","sticky":false,"template":"","format":"standard","meta":{"_seopress_robots_primary_cat":"none","_seopress_titles_title":"Cadastro Positivo completa 3 anos","_seopress_titles_desc":"Cadastro Positivo completa 3 anos comprovando potencial de inclus\u00e3o financeira e benef\u00edcios previstos em sua implementa\u00e7\u00e3o","_seopress_robots_index":"","pgc_sgb_lightbox_settings":"","footnotes":""},"categories":[254],"tags":[80],"class_list":["post-2637","post","type-post","status-publish","format-standard","has-post-thumbnail","hentry","category-sala-de-imprensa","tag-cadastro-positivo","blog-post"],"_links":{"self":[{"href":"https:\/\/anbc.org.br\/en\/wp-json\/wp\/v2\/posts\/2637","targetHints":{"allow":["GET"]}}],"collection":[{"href":"https:\/\/anbc.org.br\/en\/wp-json\/wp\/v2\/posts"}],"about":[{"href":"https:\/\/anbc.org.br\/en\/wp-json\/wp\/v2\/types\/post"}],"author":[{"embeddable":true,"href":"https:\/\/anbc.org.br\/en\/wp-json\/wp\/v2\/users\/1"}],"replies":[{"embeddable":true,"href":"https:\/\/anbc.org.br\/en\/wp-json\/wp\/v2\/comments?post=2637"}],"version-history":[{"count":1,"href":"https:\/\/anbc.org.br\/en\/wp-json\/wp\/v2\/posts\/2637\/revisions"}],"predecessor-version":[{"id":2639,"href":"https:\/\/anbc.org.br\/en\/wp-json\/wp\/v2\/posts\/2637\/revisions\/2639"}],"wp:featuredmedia":[{"embeddable":true,"href":"https:\/\/anbc.org.br\/en\/wp-json\/wp\/v2\/media\/2638"}],"wp:attachment":[{"href":"https:\/\/anbc.org.br\/en\/wp-json\/wp\/v2\/media?parent=2637"}],"wp:term":[{"taxonomy":"category","embeddable":true,"href":"https:\/\/anbc.org.br\/en\/wp-json\/wp\/v2\/categories?post=2637"},{"taxonomy":"post_tag","embeddable":true,"href":"https:\/\/anbc.org.br\/en\/wp-json\/wp\/v2\/tags?post=2637"}],"curies":[{"name":"wp","href":"https:\/\/api.w.org\/{rel}","templated":true}]}}